{"id":2201,"date":"2023-05-15T17:41:55","date_gmt":"2023-05-15T15:41:55","guid":{"rendered":"https:\/\/www.turismodealmeria.org\/congresos\/?p=2201"},"modified":"2023-05-15T17:41:55","modified_gmt":"2023-05-15T15:41:55","slug":"xviii-reunion-anual-sociedad-andaluza-de-epilepsia","status":"publish","type":"post","link":"https:\/\/www.turismodealmeria.org\/congresos\/xviii-reunion-anual-sociedad-andaluza-de-epilepsia\/","title":{"rendered":"XVIII Reuni\u00f3n Anual Sociedad Andaluza de Epilepsia"},"content":{"rendered":"<p><strong>Del 11 al 13 de mayo, la Sociedad Andaluza de Epilepsia (SAdE) ha celebrado su XVIII Reuni\u00f3n Anual en el Palacio de Exposiciones y Congresos Cabo de Gata &#8211; Ciudad de Almer\u00eda<\/strong>, convirtiendo as\u00ed a Almer\u00eda en la capital del conocimiento en torno a esta enfermedad.<\/p>\n<p>El congreso almeriense de la SAdE ha concentrado una serie de expertos nacionales e internacionales en esta \u00e1rea de la neurolog\u00eda, que han realizado una actualizaci\u00f3n detallada de todos estos avances.<\/p>\n","protected":false},"excerpt":{"rendered":"<p>Del 11 al 13 de mayo, la Sociedad Andaluza de Epilepsia (SAdE) ha celebrado su XVIII Reuni\u00f3n Anual en el [&hellip;]<\/p>\n","protected":false},"author":13,"featured_media":2203,"comment_status":"open","ping_status":"open","sticky":false,"template":"","format":"standard","meta":{"_acf_changed":false,"footnotes":""},"categories":[16],"tags":[],"class_list":["post-2201","post","type-post","status-publish","format-standard","has-post-thumbnail","hentry","category-eventos"],"acf":[],"_links":{"self":[{"href":"https:\/\/www.turismodealmeria.org\/congresos\/wp-json\/wp\/v2\/posts\/2201","targetHints":{"allow":["GET"]}}],"collection":[{"href":"https:\/\/www.turismodealmeria.org\/congresos\/wp-json\/wp\/v2\/posts"}],"about":[{"href":"https:\/\/www.turismodealmeria.org\/congresos\/wp-json\/wp\/v2\/types\/post"}],"author":[{"embeddable":true,"href":"https:\/\/www.turismodealmeria.org\/congresos\/wp-json\/wp\/v2\/users\/13"}],"replies":[{"embeddable":true,"href":"https:\/\/www.turismodealmeria.org\/congresos\/wp-json\/wp\/v2\/comments?post=2201"}],"version-history":[{"count":2,"href":"https:\/\/www.turismodealmeria.org\/congresos\/wp-json\/wp\/v2\/posts\/2201\/revisions"}],"predecessor-version":[{"id":2865,"href":"https:\/\/www.turismodealmeria.org\/congresos\/wp-json\/wp\/v2\/posts\/2201\/revisions\/2865"}],"wp:featuredmedia":[{"embeddable":true,"href":"https:\/\/www.turismodealmeria.org\/congresos\/wp-json\/wp\/v2\/media\/2203"}],"wp:attachment":[{"href":"https:\/\/www.turismodealmeria.org\/congresos\/wp-json\/wp\/v2\/media?parent=2201"}],"wp:term":[{"taxonomy":"category","embeddable":true,"href":"https:\/\/www.turismodealmeria.org\/congresos\/wp-json\/wp\/v2\/categories?post=2201"},{"taxonomy":"post_tag","embeddable":true,"href":"https:\/\/www.turismodealmeria.org\/congresos\/wp-json\/wp\/v2\/tags?post=2201"}],"curies":[{"name":"wp","href":"https:\/\/api.w.org\/{rel}","templated":true}]}}